{"id":2195,"date":"2024-10-11T14:35:07","date_gmt":"2024-10-11T14:35:07","guid":{"rendered":"https:\/\/apartman-kim.com\/museum-der-stadt-rijeka-zuckerpalast\/"},"modified":"2024-12-03T10:49:49","modified_gmt":"2024-12-03T10:49:49","slug":"museum-der-stadt-rijeka-zuckerpalast","status":"publish","type":"post","link":"https:\/\/apartman-kim.com\/de\/museum-der-stadt-rijeka-zuckerpalast\/","title":{"rendered":"Museum der Stadt Rijeka \u2013 Zuckerpalast"},"content":{"rendered":"\t\t<div data-elementor-type=\"wp-post\" data-elementor-id=\"2195\" class=\"elementor elementor-2195 elementor-1057\">\n\t\t\t\t<div class=\"elementor-element elementor-element-6108ddea e-flex e-con-boxed e-con e-parent\" data-id=\"6108ddea\" data-element_type=\"container\">\n\t\t\t\t\t<div class=\"e-con-inner\">\n\t\t\t\t<div class=\"elementor-element elementor-element-57dceed5 elementor-widget elementor-widget-heading\" data-id=\"57dceed5\" data-element_type=\"widget\" data-widget_type=\"heading.default\">\n\t\t\t\t<div class=\"elementor-widget-container\">\n\t\t\t<h2 class=\"elementor-heading-title elementor-size-default\">Museum der Stadt Rijeka \u2013 Zuckerpalast<\/h2>\t\t<\/div>\n\t\t\t\t<\/div>\n\t\t\t\t\t<\/div>\n\t\t\t\t<\/div>\n\t\t<div class=\"elementor-element elementor-element-57effd86 e-flex e-con-boxed e-con e-parent\" data-id=\"57effd86\" data-element_type=\"container\">\n\t\t\t\t\t<div class=\"e-con-inner\">\n\t\t\t\t<div class=\"elementor-element elementor-element-3526eef gallery-spacing-custom elementor-widget elementor-widget-image-gallery\" data-id=\"3526eef\" data-element_type=\"widget\" data-widget_type=\"image-gallery.default\">\n\t\t\t\t<div class=\"elementor-widget-container\">\n\t\t\t\t\t<div class=\"elementor-image-gallery\">\n\t\t\t<div id='gallery-1' class='gallery galleryid-2195 gallery-columns-3 gallery-size-full'><figure class='gallery-item'>\n\t\t\t<div class='gallery-icon landscape'>\n\t\t\t\t<a data-elementor-open-lightbox=\"yes\" data-elementor-lightbox-slideshow=\"3526eef\" data-elementor-lightbox-title=\"Muzej-grada-Rijeke_Palaca-Secera_izlozba\" data-e-action-hash=\"#elementor-action%3Aaction%3Dlightbox%26settings%3DeyJpZCI6MTg5NCwidXJsIjoiaHR0cHM6XC9cL2FwYXJ0bWFuLWtpbS5jb21cL3dwLWNvbnRlbnRcL3VwbG9hZHNcLzIwMjRcLzEwXC9NdXplai1ncmFkYS1SaWpla2VfUGFsYWNhLVNlY2VyYV9pemxvemJhLmpwZyIsInNsaWRlc2hvdyI6IjM1MjZlZWYifQ%3D%3D\" href='https:\/\/apartman-kim.com\/wp-content\/uploads\/2024\/10\/Muzej-grada-Rijeke_Palaca-Secera_izlozba.jpg'><img fetchpriority=\"high\" decoding=\"async\" width=\"1000\" height=\"667\" src=\"https:\/\/apartman-kim.com\/wp-content\/uploads\/2024\/10\/Muzej-grada-Rijeke_Palaca-Secera_izlozba.jpg\" class=\"attachment-full size-full\" alt=\"\" srcset=\"https:\/\/apartman-kim.com\/wp-content\/uploads\/2024\/10\/Muzej-grada-Rijeke_Palaca-Secera_izlozba.jpg 1000w, https:\/\/apartman-kim.com\/wp-content\/uploads\/2024\/10\/Muzej-grada-Rijeke_Palaca-Secera_izlozba-300x200.jpg 300w, https:\/\/apartman-kim.com\/wp-content\/uploads\/2024\/10\/Muzej-grada-Rijeke_Palaca-Secera_izlozba-768x512.jpg 768w\" sizes=\"(max-width: 1000px) 100vw, 1000px\" \/><\/a>\n\t\t\t<\/div><\/figure><figure class='gallery-item'>\n\t\t\t<div class='gallery-icon landscape'>\n\t\t\t\t<a data-elementor-open-lightbox=\"yes\" data-elementor-lightbox-slideshow=\"3526eef\" data-elementor-lightbox-title=\"Muzej-grada-Rijeke_Palaca-Secera_izlozba2-1\" data-e-action-hash=\"#elementor-action%3Aaction%3Dlightbox%26settings%3DeyJpZCI6MTg5NywidXJsIjoiaHR0cHM6XC9cL2FwYXJ0bWFuLWtpbS5jb21cL3dwLWNvbnRlbnRcL3VwbG9hZHNcLzIwMjRcLzEwXC9NdXplai1ncmFkYS1SaWpla2VfUGFsYWNhLVNlY2VyYV9pemxvemJhMi0xLmpwZyIsInNsaWRlc2hvdyI6IjM1MjZlZWYifQ%3D%3D\" href='https:\/\/apartman-kim.com\/wp-content\/uploads\/2024\/10\/Muzej-grada-Rijeke_Palaca-Secera_izlozba2-1.jpg'><img decoding=\"async\" width=\"1000\" height=\"667\" src=\"https:\/\/apartman-kim.com\/wp-content\/uploads\/2024\/10\/Muzej-grada-Rijeke_Palaca-Secera_izlozba2-1.jpg\" class=\"attachment-full size-full\" alt=\"\" srcset=\"https:\/\/apartman-kim.com\/wp-content\/uploads\/2024\/10\/Muzej-grada-Rijeke_Palaca-Secera_izlozba2-1.jpg 1000w, https:\/\/apartman-kim.com\/wp-content\/uploads\/2024\/10\/Muzej-grada-Rijeke_Palaca-Secera_izlozba2-1-300x200.jpg 300w, https:\/\/apartman-kim.com\/wp-content\/uploads\/2024\/10\/Muzej-grada-Rijeke_Palaca-Secera_izlozba2-1-768x512.jpg 768w\" sizes=\"(max-width: 1000px) 100vw, 1000px\" \/><\/a>\n\t\t\t<\/div><\/figure><figure class='gallery-item'>\n\t\t\t<div class='gallery-icon landscape'>\n\t\t\t\t<a data-elementor-open-lightbox=\"yes\" data-elementor-lightbox-slideshow=\"3526eef\" data-elementor-lightbox-title=\"Muzej-grada-Rijeke_Palaca-Secera_interijer\" data-e-action-hash=\"#elementor-action%3Aaction%3Dlightbox%26settings%3DeyJpZCI6MTkwMCwidXJsIjoiaHR0cHM6XC9cL2FwYXJ0bWFuLWtpbS5jb21cL3dwLWNvbnRlbnRcL3VwbG9hZHNcLzIwMjRcLzEwXC9NdXplai1ncmFkYS1SaWpla2VfUGFsYWNhLVNlY2VyYV9pbnRlcmlqZXIuanBnIiwic2xpZGVzaG93IjoiMzUyNmVlZiJ9\" href='https:\/\/apartman-kim.com\/wp-content\/uploads\/2024\/10\/Muzej-grada-Rijeke_Palaca-Secera_interijer.jpg'><img decoding=\"async\" width=\"1000\" height=\"667\" src=\"https:\/\/apartman-kim.com\/wp-content\/uploads\/2024\/10\/Muzej-grada-Rijeke_Palaca-Secera_interijer.jpg\" class=\"attachment-full size-full\" alt=\"\" srcset=\"https:\/\/apartman-kim.com\/wp-content\/uploads\/2024\/10\/Muzej-grada-Rijeke_Palaca-Secera_interijer.jpg 1000w, https:\/\/apartman-kim.com\/wp-content\/uploads\/2024\/10\/Muzej-grada-Rijeke_Palaca-Secera_interijer-300x200.jpg 300w, https:\/\/apartman-kim.com\/wp-content\/uploads\/2024\/10\/Muzej-grada-Rijeke_Palaca-Secera_interijer-768x512.jpg 768w\" sizes=\"(max-width: 1000px) 100vw, 1000px\" \/><\/a>\n\t\t\t<\/div><\/figure>\n\t\t<\/div>\n\t\t<\/div>\n\t\t\t\t<\/div>\n\t\t\t\t<\/div>\n\t\t\t\t\t<\/div>\n\t\t\t\t<\/div>\n\t\t<div class=\"elementor-element elementor-element-359c17bd e-flex e-con-boxed e-con e-parent\" data-id=\"359c17bd\" data-element_type=\"container\">\n\t\t\t\t\t<div class=\"e-con-inner\">\n\t\t\t\t<div class=\"elementor-element elementor-element-6b5cf1a8 elementor-widget elementor-widget-text-editor\" data-id=\"6b5cf1a8\" data-element_type=\"widget\" data-widget_type=\"text-editor.default\">\n\t\t\t\t<div class=\"elementor-widget-container\">\n\t\t\t\t\t\t\t<p>Haben Sie jemals gedacht, dass es einen Palast gibt, der die s\u00fc\u00dfeste Geschichte einer Stadt verbirgt? Wir alle m\u00f6gen S\u00fc\u00dfigkeiten und deshalb liegt uns unser Palast, das ehemalige Verwaltungsgeb\u00e4ude der Zuckerraffinerie, am Herzen \u2013 der Zuckerpalast! <\/p>\n<p>Die Zuckerraffinerie ist die erste und \u00e4lteste Industrieanlage in Rijeka. Es wurde 1750 zur Verarbeitung von Zuckerrohr und Rohzucker gegr\u00fcndet. Es lag an der Meeresk\u00fcste und das Rohmaterial vom Segelschiff wurde vor dem Fabrikeingang entladen. Im Jahr 1786 erhielt es ein neues Verwaltungsgeb\u00e4ude, einen riesigen Barockpalast. Die Zuckerfabrik war bis 1828 in Betrieb und wurde von der Tabakfabrik abgel\u00f6st, die den Komplex erweiterte und zum gr\u00f6\u00dften Tabakverarbeitungsbetrieb der Monarchie wurde. Nach dem Zweiten Weltkrieg zog die Motorenfabrik Rikard Ben\u010di\u0107 in den Komplex ein.        <\/p>\n<p>Heute erinnert \u0160e\u0107erana an einen sp\u00e4tbarocken Palast, in dem zahlreiche bemalte W\u00e4nde und Reliefdekorationen erhalten geblieben sind und in den Ende 2020 das Museum der Stadt Rijeka mit einer Dauerausstellung auf zwei Etagen eingezogen ist! Kommen Sie und erfahren Sie mehr \u00fcber die s\u00fc\u00dfe Geschichte von Rijeka!  <\/p>\n\t\t\t\t\t\t<\/div>\n\t\t\t\t<\/div>\n\t\t\t\t\t<\/div>\n\t\t\t\t<\/div>\n\t\t<div class=\"elementor-element elementor-element-4cc8a759 e-flex e-con-boxed e-con e-parent\" data-id=\"4cc8a759\" data-element_type=\"container\">\n\t\t\t\t\t<div class=\"e-con-inner\">\n\t\t\t\t<div class=\"elementor-element elementor-element-5ec1227b elementor-widget elementor-widget-html\" data-id=\"5ec1227b\" data-element_type=\"widget\" data-widget_type=\"html.default\">\n\t\t\t\t<div class=\"elementor-widget-container\">\n\t\t\t<iframe src=\"https:\/\/www.google.com\/maps\/embed?pb=!1m18!1m12!1m3!1d2804.903937721484!2d14.428735312747584!3d45.330562242223394!2m3!1f0!2f0!3f0!3m2!1i1024!2i768!4f13.1!3m3!1m2!1s0x4764a11ddf84bc29%3A0xe4e5839eea699103!2sMuzej%20grada%20Rijeke%20-%20Pala%C4%8Da%20%C5%A0e%C4%87erane!5e0!3m2!1shr!2shr!4v1728657442730!5m2!1shr!2shr\" width=\"600\" height=\"450\" style=\"border:0;\" allowfullscreen=\"\" loading=\"lazy\" referrerpolicy=\"no-referrer-when-downgrade\"><\/iframe>\t\t<\/div>\n\t\t\t\t<\/div>\n\t\t\t\t\t<\/div>\n\t\t\t\t<\/div>\n\t\t<div class=\"elementor-element elementor-element-618d6f4a e-flex e-con-boxed e-con e-parent\" data-id=\"618d6f4a\" data-element_type=\"container\">\n\t\t\t\t\t<div class=\"e-con-inner\">\n\t\t\t\t<div class=\"elementor-element elementor-element-6a50aea1 elementor-widget elementor-widget-elementskit-button\" data-id=\"6a50aea1\" data-element_type=\"widget\" data-widget_type=\"elementskit-button.default\">\n\t\t\t\t<div class=\"elementor-widget-container\">\n\t\t\t<div class=\"ekit-wid-con\" >\t\t<div class=\"ekit-btn-wraper\">\n\t\t\t\t\t\t\t<a href=\"https:\/\/apartman-kim.com\/de\/category\/museum-de\/\" class=\"elementskit-btn  whitespace--normal\" id=\"\">\n\t\t\t\t\tZur\u00fcckkehren\t\t\t\t<\/a>\n\t\t\t\t\t<\/div>\n        <\/div>\t\t<\/div>\n\t\t\t\t<\/div>\n\t\t\t\t\t<\/div>\n\t\t\t\t<\/div>\n\t\t\t\t<\/div>\n\t\t","protected":false},"excerpt":{"rendered":"<p>Museum der Stadt Rijeka \u2013 Zuckerpalast Haben Sie jemals gedacht, dass es einen Palast gibt, der die s\u00fc\u00dfeste Geschichte einer [&hellip;]<\/p>\n","protected":false},"author":1,"featured_media":1897,"comment_status":"open","ping_status":"open","sticky":false,"template":"elementor_header_footer","format":"standard","meta":{"inline_featured_image":false,"site-sidebar-layout":"default","site-content-layout":"","ast-site-content-layout":"","site-content-style":"default","site-sidebar-style":"default","ast-global-header-display":"","ast-banner-title-visibility":"","ast-main-header-display":"","ast-hfb-above-header-display":"","ast-hfb-below-header-display":"","ast-hfb-mobile-header-display":"","site-post-title":"","ast-breadcrumbs-content":"","ast-featured-img":"","footer-sml-layout":"","theme-transparent-header-meta":"","adv-header-id-meta":"","stick-header-meta":"","header-above-stick-meta":"","header-main-stick-meta":"","header-below-stick-meta":"","astra-migrate-meta-layouts":"default","ast-page-background-enabled":"default","ast-page-background-meta":{"desktop":{"background-color":"var(--ast-global-color-4)","background-image":"","background-repeat":"repeat","background-position":"center center","background-size":"auto","background-attachment":"scroll","background-type":"","background-media":"","overlay-type":"","overlay-color":"","overlay-opacity":"","overlay-gradient":""},"tablet":{"background-color":"","background-image":"","background-repeat":"repeat","background-position":"center center","background-size":"auto","background-attachment":"scroll","background-type":"","background-media":"","overlay-type":"","overlay-color":"","overlay-opacity":"","overlay-gradient":""},"mobile":{"background-color":"","background-image":"","background-repeat":"repeat","background-position":"center center","background-size":"auto","background-attachment":"scroll","background-type":"","background-media":"","overlay-type":"","overlay-color":"","overlay-opacity":"","overlay-gradient":""}},"ast-content-background-meta":{"desktop":{"background-color":"var(--ast-global-color-5)","background-image":"","background-repeat":"repeat","background-position":"center center","background-size":"auto","background-attachment":"scroll","background-type":"","background-media":"","overlay-type":"","overlay-color":"","overlay-opacity":"","overlay-gradient":""},"tablet":{"background-color":"var(--ast-global-color-5)","background-image":"","background-repeat":"repeat","background-position":"center center","background-size":"auto","background-attachment":"scroll","background-type":"","background-media":"","overlay-type":"","overlay-color":"","overlay-opacity":"","overlay-gradient":""},"mobile":{"background-color":"var(--ast-global-color-5)","background-image":"","background-repeat":"repeat","background-position":"center center","background-size":"auto","background-attachment":"scroll","background-type":"","background-media":"","overlay-type":"","overlay-color":"","overlay-opacity":"","overlay-gradient":""}},"footnotes":""},"categories":[54],"tags":[],"class_list":["post-2195","post","type-post","status-publish","format-standard","has-post-thumbnail","hentry","category-museum-de"],"yoast_head":"<!-- This site is optimized with the Yoast SEO plugin v24.2 - https:\/\/yoast.com\/wordpress\/plugins\/seo\/ -->\n<title>Museum der Stadt Rijeka \u2013 Zuckerpalast -<\/title>\n<meta name=\"robots\" content=\"noindex, follow, max-snippet:-1, max-image-preview:large, max-video-preview:-1\" \/>\n<meta property=\"og:locale\" content=\"de_DE\" \/>\n<meta property=\"og:type\" content=\"article\" \/>\n<meta property=\"og:title\" content=\"Museum der Stadt Rijeka \u2013 Zuckerpalast -\" \/>\n<meta property=\"og:description\" content=\"Museum der Stadt Rijeka \u2013 Zuckerpalast Haben Sie jemals gedacht, dass es einen Palast gibt, der die s\u00fc\u00dfeste Geschichte einer [&hellip;]\" \/>\n<meta property=\"og:url\" content=\"https:\/\/apartman-kim.com\/muzej-grada-rijeke-palaca-secera\/\" \/>\n<meta property=\"article:published_time\" content=\"2024-10-11T14:35:07+00:00\" \/>\n<meta property=\"article:modified_time\" content=\"2024-12-03T10:49:49+00:00\" \/>\n<meta property=\"og:image\" content=\"https:\/\/apartman-kim.com\/wp-content\/uploads\/2024\/10\/Muzej-grada-Rijeke_Palaca-Secera_izlozba2-1.jpg\" \/>\n\t<meta property=\"og:image:width\" content=\"1000\" \/>\n\t<meta property=\"og:image:height\" content=\"667\" \/>\n\t<meta property=\"og:image:type\" content=\"image\/jpeg\" \/>\n<meta name=\"author\" content=\"kimapp\" \/>\n<meta name=\"twitter:card\" content=\"summary_large_image\" \/>\n<meta name=\"twitter:label1\" content=\"Verfasst von\" \/>\n\t<meta name=\"twitter:data1\" content=\"kimapp\" \/>\n\t<meta name=\"twitter:label2\" content=\"Gesch\u00e4tzte Lesezeit\" \/>\n\t<meta name=\"twitter:data2\" content=\"1\u00a0Minute\" \/>\n<script type=\"application\/ld+json\" class=\"yoast-schema-graph\">{\"@context\":\"https:\/\/schema.org\",\"@graph\":[{\"@type\":\"Article\",\"@id\":\"https:\/\/apartman-kim.com\/muzej-grada-rijeke-palaca-secera\/#article\",\"isPartOf\":{\"@id\":\"https:\/\/apartman-kim.com\/muzej-grada-rijeke-palaca-secera\/\"},\"author\":{\"name\":\"kimapp\",\"@id\":\"https:\/\/apartman-kim.com\/#\/schema\/person\/b442551329df40bf4266c04747cb2bc4\"},\"headline\":\"Museum der Stadt Rijeka \u2013 Zuckerpalast\",\"datePublished\":\"2024-10-11T14:35:07+00:00\",\"dateModified\":\"2024-12-03T10:49:49+00:00\",\"mainEntityOfPage\":{\"@id\":\"https:\/\/apartman-kim.com\/muzej-grada-rijeke-palaca-secera\/\"},\"wordCount\":187,\"commentCount\":0,\"publisher\":{\"@id\":\"https:\/\/apartman-kim.com\/#organization\"},\"image\":{\"@id\":\"https:\/\/apartman-kim.com\/muzej-grada-rijeke-palaca-secera\/#primaryimage\"},\"thumbnailUrl\":\"https:\/\/apartman-kim.com\/wp-content\/uploads\/2024\/10\/Muzej-grada-Rijeke_Palaca-Secera_izlozba2-1.jpg\",\"articleSection\":[\"Museum\"],\"inLanguage\":\"de\",\"potentialAction\":[{\"@type\":\"CommentAction\",\"name\":\"Comment\",\"target\":[\"https:\/\/apartman-kim.com\/muzej-grada-rijeke-palaca-secera\/#respond\"]}]},{\"@type\":\"WebPage\",\"@id\":\"https:\/\/apartman-kim.com\/muzej-grada-rijeke-palaca-secera\/\",\"url\":\"https:\/\/apartman-kim.com\/muzej-grada-rijeke-palaca-secera\/\",\"name\":\"Museum der Stadt Rijeka \u2013 Zuckerpalast -\",\"isPartOf\":{\"@id\":\"https:\/\/apartman-kim.com\/#website\"},\"primaryImageOfPage\":{\"@id\":\"https:\/\/apartman-kim.com\/muzej-grada-rijeke-palaca-secera\/#primaryimage\"},\"image\":{\"@id\":\"https:\/\/apartman-kim.com\/muzej-grada-rijeke-palaca-secera\/#primaryimage\"},\"thumbnailUrl\":\"https:\/\/apartman-kim.com\/wp-content\/uploads\/2024\/10\/Muzej-grada-Rijeke_Palaca-Secera_izlozba2-1.jpg\",\"datePublished\":\"2024-10-11T14:35:07+00:00\",\"dateModified\":\"2024-12-03T10:49:49+00:00\",\"breadcrumb\":{\"@id\":\"https:\/\/apartman-kim.com\/muzej-grada-rijeke-palaca-secera\/#breadcrumb\"},\"inLanguage\":\"de\",\"potentialAction\":[{\"@type\":\"ReadAction\",\"target\":[\"https:\/\/apartman-kim.com\/muzej-grada-rijeke-palaca-secera\/\"]}]},{\"@type\":\"ImageObject\",\"inLanguage\":\"de\",\"@id\":\"https:\/\/apartman-kim.com\/muzej-grada-rijeke-palaca-secera\/#primaryimage\",\"url\":\"https:\/\/apartman-kim.com\/wp-content\/uploads\/2024\/10\/Muzej-grada-Rijeke_Palaca-Secera_izlozba2-1.jpg\",\"contentUrl\":\"https:\/\/apartman-kim.com\/wp-content\/uploads\/2024\/10\/Muzej-grada-Rijeke_Palaca-Secera_izlozba2-1.jpg\",\"width\":1000,\"height\":667},{\"@type\":\"BreadcrumbList\",\"@id\":\"https:\/\/apartman-kim.com\/muzej-grada-rijeke-palaca-secera\/#breadcrumb\",\"itemListElement\":[{\"@type\":\"ListItem\",\"position\":1,\"name\":\"Po\u010detna stranica\",\"item\":\"https:\/\/apartman-kim.com\/\"},{\"@type\":\"ListItem\",\"position\":2,\"name\":\"Museum der Stadt Rijeka \u2013 Zuckerpalast\"}]},{\"@type\":\"WebSite\",\"@id\":\"https:\/\/apartman-kim.com\/#website\",\"url\":\"https:\/\/apartman-kim.com\/\",\"name\":\"Apartman Kim\",\"description\":\"Apartman Kim\",\"publisher\":{\"@id\":\"https:\/\/apartman-kim.com\/#organization\"},\"potentialAction\":[{\"@type\":\"SearchAction\",\"target\":{\"@type\":\"EntryPoint\",\"urlTemplate\":\"https:\/\/apartman-kim.com\/?s={search_term_string}\"},\"query-input\":{\"@type\":\"PropertyValueSpecification\",\"valueRequired\":true,\"valueName\":\"search_term_string\"}}],\"inLanguage\":\"de\"},{\"@type\":\"Organization\",\"@id\":\"https:\/\/apartman-kim.com\/#organization\",\"name\":\"Apartman Kim\",\"url\":\"https:\/\/apartman-kim.com\/\",\"logo\":{\"@type\":\"ImageObject\",\"inLanguage\":\"de\",\"@id\":\"https:\/\/apartman-kim.com\/#\/schema\/logo\/image\/\",\"url\":\"https:\/\/apartman-kim.com\/wp-content\/uploads\/2025\/02\/cropped-Untitled-design.png\",\"contentUrl\":\"https:\/\/apartman-kim.com\/wp-content\/uploads\/2025\/02\/cropped-Untitled-design.png\",\"width\":544,\"height\":347,\"caption\":\"Apartman Kim\"},\"image\":{\"@id\":\"https:\/\/apartman-kim.com\/#\/schema\/logo\/image\/\"}},{\"@type\":\"Person\",\"@id\":\"https:\/\/apartman-kim.com\/#\/schema\/person\/b442551329df40bf4266c04747cb2bc4\",\"name\":\"kimapp\",\"image\":{\"@type\":\"ImageObject\",\"inLanguage\":\"de\",\"@id\":\"https:\/\/apartman-kim.com\/#\/schema\/person\/image\/\",\"url\":\"https:\/\/secure.gravatar.com\/avatar\/cbfdab63f656365d812d9f66bd24c94a32ec62ae4c175ec9a0bb5a531c6e3a31?s=96&d=mm&r=g\",\"contentUrl\":\"https:\/\/secure.gravatar.com\/avatar\/cbfdab63f656365d812d9f66bd24c94a32ec62ae4c175ec9a0bb5a531c6e3a31?s=96&d=mm&r=g\",\"caption\":\"kimapp\"},\"sameAs\":[\"https:\/\/apartman-kim.com\"],\"url\":\"https:\/\/apartman-kim.com\/de\/author\/kimapp\/\"}]}<\/script>\n<!-- \/ Yoast SEO plugin. -->","yoast_head_json":{"title":"Museum der Stadt Rijeka \u2013 Zuckerpalast -","robots":{"index":"noindex","follow":"follow","max-snippet":"max-snippet:-1","max-image-preview":"max-image-preview:large","max-video-preview":"max-video-preview:-1"},"og_locale":"de_DE","og_type":"article","og_title":"Museum der Stadt Rijeka \u2013 Zuckerpalast -","og_description":"Museum der Stadt Rijeka \u2013 Zuckerpalast Haben Sie jemals gedacht, dass es einen Palast gibt, der die s\u00fc\u00dfeste Geschichte einer [&hellip;]","og_url":"https:\/\/apartman-kim.com\/muzej-grada-rijeke-palaca-secera\/","article_published_time":"2024-10-11T14:35:07+00:00","article_modified_time":"2024-12-03T10:49:49+00:00","og_image":[{"width":1000,"height":667,"url":"https:\/\/apartman-kim.com\/wp-content\/uploads\/2024\/10\/Muzej-grada-Rijeke_Palaca-Secera_izlozba2-1.jpg","type":"image\/jpeg"}],"author":"kimapp","twitter_card":"summary_large_image","twitter_misc":{"Verfasst von":"kimapp","Gesch\u00e4tzte Lesezeit":"1\u00a0Minute"},"schema":{"@context":"https:\/\/schema.org","@graph":[{"@type":"Article","@id":"https:\/\/apartman-kim.com\/muzej-grada-rijeke-palaca-secera\/#article","isPartOf":{"@id":"https:\/\/apartman-kim.com\/muzej-grada-rijeke-palaca-secera\/"},"author":{"name":"kimapp","@id":"https:\/\/apartman-kim.com\/#\/schema\/person\/b442551329df40bf4266c04747cb2bc4"},"headline":"Museum der Stadt Rijeka \u2013 Zuckerpalast","datePublished":"2024-10-11T14:35:07+00:00","dateModified":"2024-12-03T10:49:49+00:00","mainEntityOfPage":{"@id":"https:\/\/apartman-kim.com\/muzej-grada-rijeke-palaca-secera\/"},"wordCount":187,"commentCount":0,"publisher":{"@id":"https:\/\/apartman-kim.com\/#organization"},"image":{"@id":"https:\/\/apartman-kim.com\/muzej-grada-rijeke-palaca-secera\/#primaryimage"},"thumbnailUrl":"https:\/\/apartman-kim.com\/wp-content\/uploads\/2024\/10\/Muzej-grada-Rijeke_Palaca-Secera_izlozba2-1.jpg","articleSection":["Museum"],"inLanguage":"de","potentialAction":[{"@type":"CommentAction","name":"Comment","target":["https:\/\/apartman-kim.com\/muzej-grada-rijeke-palaca-secera\/#respond"]}]},{"@type":"WebPage","@id":"https:\/\/apartman-kim.com\/muzej-grada-rijeke-palaca-secera\/","url":"https:\/\/apartman-kim.com\/muzej-grada-rijeke-palaca-secera\/","name":"Museum der Stadt Rijeka \u2013 Zuckerpalast -","isPartOf":{"@id":"https:\/\/apartman-kim.com\/#website"},"primaryImageOfPage":{"@id":"https:\/\/apartman-kim.com\/muzej-grada-rijeke-palaca-secera\/#primaryimage"},"image":{"@id":"https:\/\/apartman-kim.com\/muzej-grada-rijeke-palaca-secera\/#primaryimage"},"thumbnailUrl":"https:\/\/apartman-kim.com\/wp-content\/uploads\/2024\/10\/Muzej-grada-Rijeke_Palaca-Secera_izlozba2-1.jpg","datePublished":"2024-10-11T14:35:07+00:00","dateModified":"2024-12-03T10:49:49+00:00","breadcrumb":{"@id":"https:\/\/apartman-kim.com\/muzej-grada-rijeke-palaca-secera\/#breadcrumb"},"inLanguage":"de","potentialAction":[{"@type":"ReadAction","target":["https:\/\/apartman-kim.com\/muzej-grada-rijeke-palaca-secera\/"]}]},{"@type":"ImageObject","inLanguage":"de","@id":"https:\/\/apartman-kim.com\/muzej-grada-rijeke-palaca-secera\/#primaryimage","url":"https:\/\/apartman-kim.com\/wp-content\/uploads\/2024\/10\/Muzej-grada-Rijeke_Palaca-Secera_izlozba2-1.jpg","contentUrl":"https:\/\/apartman-kim.com\/wp-content\/uploads\/2024\/10\/Muzej-grada-Rijeke_Palaca-Secera_izlozba2-1.jpg","width":1000,"height":667},{"@type":"BreadcrumbList","@id":"https:\/\/apartman-kim.com\/muzej-grada-rijeke-palaca-secera\/#breadcrumb","itemListElement":[{"@type":"ListItem","position":1,"name":"Po\u010detna stranica","item":"https:\/\/apartman-kim.com\/"},{"@type":"ListItem","position":2,"name":"Museum der Stadt Rijeka \u2013 Zuckerpalast"}]},{"@type":"WebSite","@id":"https:\/\/apartman-kim.com\/#website","url":"https:\/\/apartman-kim.com\/","name":"Apartman Kim","description":"Apartman Kim","publisher":{"@id":"https:\/\/apartman-kim.com\/#organization"},"potentialAction":[{"@type":"SearchAction","target":{"@type":"EntryPoint","urlTemplate":"https:\/\/apartman-kim.com\/?s={search_term_string}"},"query-input":{"@type":"PropertyValueSpecification","valueRequired":true,"valueName":"search_term_string"}}],"inLanguage":"de"},{"@type":"Organization","@id":"https:\/\/apartman-kim.com\/#organization","name":"Apartman Kim","url":"https:\/\/apartman-kim.com\/","logo":{"@type":"ImageObject","inLanguage":"de","@id":"https:\/\/apartman-kim.com\/#\/schema\/logo\/image\/","url":"https:\/\/apartman-kim.com\/wp-content\/uploads\/2025\/02\/cropped-Untitled-design.png","contentUrl":"https:\/\/apartman-kim.com\/wp-content\/uploads\/2025\/02\/cropped-Untitled-design.png","width":544,"height":347,"caption":"Apartman Kim"},"image":{"@id":"https:\/\/apartman-kim.com\/#\/schema\/logo\/image\/"}},{"@type":"Person","@id":"https:\/\/apartman-kim.com\/#\/schema\/person\/b442551329df40bf4266c04747cb2bc4","name":"kimapp","image":{"@type":"ImageObject","inLanguage":"de","@id":"https:\/\/apartman-kim.com\/#\/schema\/person\/image\/","url":"https:\/\/secure.gravatar.com\/avatar\/cbfdab63f656365d812d9f66bd24c94a32ec62ae4c175ec9a0bb5a531c6e3a31?s=96&d=mm&r=g","contentUrl":"https:\/\/secure.gravatar.com\/avatar\/cbfdab63f656365d812d9f66bd24c94a32ec62ae4c175ec9a0bb5a531c6e3a31?s=96&d=mm&r=g","caption":"kimapp"},"sameAs":["https:\/\/apartman-kim.com"],"url":"https:\/\/apartman-kim.com\/de\/author\/kimapp\/"}]}},"_links":{"self":[{"href":"https:\/\/apartman-kim.com\/de\/wp-json\/wp\/v2\/posts\/2195","targetHints":{"allow":["GET"]}}],"collection":[{"href":"https:\/\/apartman-kim.com\/de\/wp-json\/wp\/v2\/posts"}],"about":[{"href":"https:\/\/apartman-kim.com\/de\/wp-json\/wp\/v2\/types\/post"}],"author":[{"embeddable":true,"href":"https:\/\/apartman-kim.com\/de\/wp-json\/wp\/v2\/users\/1"}],"replies":[{"embeddable":true,"href":"https:\/\/apartman-kim.com\/de\/wp-json\/wp\/v2\/comments?post=2195"}],"version-history":[{"count":1,"href":"https:\/\/apartman-kim.com\/de\/wp-json\/wp\/v2\/posts\/2195\/revisions"}],"predecessor-version":[{"id":2196,"href":"https:\/\/apartman-kim.com\/de\/wp-json\/wp\/v2\/posts\/2195\/revisions\/2196"}],"wp:featuredmedia":[{"embeddable":true,"href":"https:\/\/apartman-kim.com\/de\/wp-json\/wp\/v2\/media\/1897"}],"wp:attachment":[{"href":"https:\/\/apartman-kim.com\/de\/wp-json\/wp\/v2\/media?parent=2195"}],"wp:term":[{"taxonomy":"category","embeddable":true,"href":"https:\/\/apartman-kim.com\/de\/wp-json\/wp\/v2\/categories?post=2195"},{"taxonomy":"post_tag","embeddable":true,"href":"https:\/\/apartman-kim.com\/de\/wp-json\/wp\/v2\/tags?post=2195"}],"curies":[{"name":"wp","href":"https:\/\/api.w.org\/{rel}","templated":true}]}}