{"id":2210,"date":"2024-10-11T14:00:39","date_gmt":"2024-10-11T14:00:39","guid":{"rendered":"https:\/\/apartman-kim.com\/maritimes-und-historisches-museum-der-kroatischen-kueste-rijeka\/"},"modified":"2024-12-03T10:49:53","modified_gmt":"2024-12-03T10:49:53","slug":"maritimes-und-historisches-museum-der-kroatischen-kueste-rijeka","status":"publish","type":"post","link":"https:\/\/apartman-kim.com\/de\/maritimes-und-historisches-museum-der-kroatischen-kueste-rijeka\/","title":{"rendered":"Maritimes und historisches Museum der kroatischen K\u00fcste Rijeka"},"content":{"rendered":"\t\t<div data-elementor-type=\"wp-post\" data-elementor-id=\"2210\" class=\"elementor elementor-2210 elementor-1018\">\n\t\t\t\t<div class=\"elementor-element elementor-element-a39b078 e-flex e-con-boxed e-con e-parent\" data-id=\"a39b078\" data-element_type=\"container\">\n\t\t\t\t\t<div class=\"e-con-inner\">\n\t\t\t\t<div class=\"elementor-element elementor-element-cb6cd3b elementor-widget elementor-widget-heading\" data-id=\"cb6cd3b\" data-element_type=\"widget\" data-widget_type=\"heading.default\">\n\t\t\t\t<div class=\"elementor-widget-container\">\n\t\t\t<h2 class=\"elementor-heading-title elementor-size-default\">Maritimes und historisches Museum der kroatischen K\u00fcste Rijeka<\/h2>\t\t<\/div>\n\t\t\t\t<\/div>\n\t\t\t\t\t<\/div>\n\t\t\t\t<\/div>\n\t\t<div class=\"elementor-element elementor-element-497d3de8 e-flex e-con-boxed e-con e-parent\" data-id=\"497d3de8\" data-element_type=\"container\">\n\t\t\t\t\t<div class=\"e-con-inner\">\n\t\t\t\t<div class=\"elementor-element elementor-element-6631a672 gallery-spacing-custom elementor-widget elementor-widget-image-gallery\" data-id=\"6631a672\" data-element_type=\"widget\" data-widget_type=\"image-gallery.default\">\n\t\t\t\t<div class=\"elementor-widget-container\">\n\t\t\t\t\t<div class=\"elementor-image-gallery\">\n\t\t\t<div id='gallery-1' class='gallery galleryid-2210 gallery-columns-1 gallery-size-full'><figure class='gallery-item'>\n\t\t\t<div class='gallery-icon landscape'>\n\t\t\t\t<a data-elementor-open-lightbox=\"yes\" data-elementor-lightbox-slideshow=\"6631a672\" data-elementor-lightbox-title=\"PP-muzej\" data-e-action-hash=\"#elementor-action%3Aaction%3Dlightbox%26settings%3DeyJpZCI6MTg3NiwidXJsIjoiaHR0cHM6XC9cL2FwYXJ0bWFuLWtpbS5jb21cL3dwLWNvbnRlbnRcL3VwbG9hZHNcLzIwMjRcLzEwXC9QUC1tdXplai0yLWdhbGVyaWphLTYwMHg0MDUtMS5qcGciLCJzbGlkZXNob3ciOiI2NjMxYTY3MiJ9\" href='https:\/\/apartman-kim.com\/wp-content\/uploads\/2024\/10\/PP-muzej-2-galerija-600x405-1.jpg'><img fetchpriority=\"high\" decoding=\"async\" width=\"600\" height=\"405\" src=\"https:\/\/apartman-kim.com\/wp-content\/uploads\/2024\/10\/PP-muzej-2-galerija-600x405-1.jpg\" class=\"attachment-full size-full\" alt=\"\" srcset=\"https:\/\/apartman-kim.com\/wp-content\/uploads\/2024\/10\/PP-muzej-2-galerija-600x405-1.jpg 600w, https:\/\/apartman-kim.com\/wp-content\/uploads\/2024\/10\/PP-muzej-2-galerija-600x405-1-300x203.jpg 300w\" sizes=\"(max-width: 600px) 100vw, 600px\" \/><\/a>\n\t\t\t<\/div><\/figure>\n\t\t<\/div>\n\t\t<\/div>\n\t\t\t\t<\/div>\n\t\t\t\t<\/div>\n\t\t\t\t\t<\/div>\n\t\t\t\t<\/div>\n\t\t<div class=\"elementor-element elementor-element-9507ab2 e-flex e-con-boxed e-con e-parent\" data-id=\"9507ab2\" data-element_type=\"container\">\n\t\t\t\t\t<div class=\"e-con-inner\">\n\t\t\t\t<div class=\"elementor-element elementor-element-694d7fe elementor-widget elementor-widget-text-editor\" data-id=\"694d7fe\" data-element_type=\"widget\" data-widget_type=\"text-editor.default\">\n\t\t\t\t<div class=\"elementor-widget-container\">\n\t\t\t\t\t\t\t<p>Das 1961 gegr\u00fcndete Maritime und Historische Museum des Kroatischen K\u00fcstenlandes verf\u00fcgt \u00fcber eine maritime, kulturhistorische, ethnografische und arch\u00e4ologische Abteilung. Der Sitz des Museums ist ein historistisches Geb\u00e4ude, der ehemalige Gouverneurspalast, der unter Denkmalschutz steht. <\/p>\n<p>Der Gouverneurspalast wurde 1896 nach dem Projekt eines der f\u00fchrenden ungarischen Architekten, Alajos Hauszmann, erbaut, als Rijeka unter ungarischer Verwaltung stand.<br \/> Von der urspr\u00fcnglichen Ausstattung des Gouverneurspalastes ist ein Teil der Struktur erhalten geblieben und wird in den Salons im ersten Stock pr\u00e4sentiert, darunter M\u00f6bel und Gegenst\u00e4nde des Kunsthandwerks. Die Dauerausstellung des Museums zeugt auf interaktive und zeitgen\u00f6ssische Weise von der langen, reichen und st\u00fcrmischen Geschichte und Kultur des Lebens im Gebiet der heutigen Gespanschaft Primorje-Gorski kotar von der Urgeschichte bis zur Gegenwart.  <\/p>\n<p>Zum Museum geh\u00f6rt auch das Lipa Memorial Center, das dem Leid der Dorfbewohner von Lipa am 30. April 1944 gewidmet ist. Zus\u00e4tzlich zum Denkmalerbe interpretiert die Gedenkst\u00e4tte das gesamte kulturhistorische und ethnografische Erbe des Liburnischen Karsts (Rupa, Pasjak, \u0160apjane und Brce) von der Vorgeschichte bis zur Gegenwart.   <\/p>\n<p>Das Schifffahrts- und Geschichtsmuseum des kroatischen K\u00fcstenlandes Rijeka hat im Rahmen des Projekts Claustra + einen didaktischen Infopunkt er\u00f6ffnet, der teilweise f\u00fcr blinde und sehbehinderte Menschen geeignet ist.<\/p>\n\t\t\t\t\t\t<\/div>\n\t\t\t\t<\/div>\n\t\t\t\t\t<\/div>\n\t\t\t\t<\/div>\n\t\t<div class=\"elementor-element elementor-element-4ae8ec29 e-flex e-con-boxed e-con e-parent\" data-id=\"4ae8ec29\" data-element_type=\"container\">\n\t\t\t\t\t<div class=\"e-con-inner\">\n\t\t\t\t<div class=\"elementor-element elementor-element-3286a86d elementor-widget elementor-widget-html\" data-id=\"3286a86d\" data-element_type=\"widget\" data-widget_type=\"html.default\">\n\t\t\t\t<div class=\"elementor-widget-container\">\n\t\t\t<iframe src=\"https:\/\/www.google.com\/maps\/embed?pb=!1m18!1m12!1m3!1d2804.9558373244004!2d14.440023812747524!3d45.32951424229319!2m3!1f0!2f0!3f0!3m2!1i1024!2i768!4f13.1!3m3!1m2!1s0x4764a11ddf84bc29%3A0x4f5c601c8e63ccba!2sPomorski%20i%20povijesni%20muzej%20Hrvatskog%20primorja%20Rijeka!5e0!3m2!1shr!2shr!4v1728655401591!5m2!1shr!2shr\" width=\"600\" height=\"450\" style=\"border:0;\" allowfullscreen=\"\" loading=\"lazy\" referrerpolicy=\"no-referrer-when-downgrade\"><\/iframe>\t\t<\/div>\n\t\t\t\t<\/div>\n\t\t\t\t\t<\/div>\n\t\t\t\t<\/div>\n\t\t<div class=\"elementor-element elementor-element-a7e4489 e-flex e-con-boxed e-con e-parent\" data-id=\"a7e4489\" data-element_type=\"container\">\n\t\t\t\t\t<div class=\"e-con-inner\">\n\t\t\t\t<div class=\"elementor-element elementor-element-93a1ade elementor-widget elementor-widget-elementskit-button\" data-id=\"93a1ade\" data-element_type=\"widget\" data-widget_type=\"elementskit-button.default\">\n\t\t\t\t<div class=\"elementor-widget-container\">\n\t\t\t<div class=\"ekit-wid-con\" >\t\t<div class=\"ekit-btn-wraper\">\n\t\t\t\t\t\t\t<a href=\"https:\/\/apartman-kim.com\/de\/category\/museum-de\/\" class=\"elementskit-btn  whitespace--normal\" id=\"\">\n\t\t\t\t\tZur\u00fcckkehren\t\t\t\t<\/a>\n\t\t\t\t\t<\/div>\n        <\/div>\t\t<\/div>\n\t\t\t\t<\/div>\n\t\t\t\t\t<\/div>\n\t\t\t\t<\/div>\n\t\t\t\t<\/div>\n\t\t","protected":false},"excerpt":{"rendered":"<p>Maritimes und historisches Museum der kroatischen K\u00fcste Rijeka Das 1961 gegr\u00fcndete Maritime und Historische Museum des Kroatischen K\u00fcstenlandes verf\u00fcgt \u00fcber [&hellip;]<\/p>\n","protected":false},"author":1,"featured_media":1876,"comment_status":"open","ping_status":"open","sticky":false,"template":"elementor_header_footer","format":"standard","meta":{"inline_featured_image":false,"site-sidebar-layout":"default","site-content-layout":"","ast-site-content-layout":"","site-content-style":"default","site-sidebar-style":"default","ast-global-header-display":"","ast-banner-title-visibility":"","ast-main-header-display":"","ast-hfb-above-header-display":"","ast-hfb-below-header-display":"","ast-hfb-mobile-header-display":"","site-post-title":"","ast-breadcrumbs-content":"","ast-featured-img":"","footer-sml-layout":"","theme-transparent-header-meta":"","adv-header-id-meta":"","stick-header-meta":"","header-above-stick-meta":"","header-main-stick-meta":"","header-below-stick-meta":"","astra-migrate-meta-layouts":"default","ast-page-background-enabled":"default","ast-page-background-meta":{"desktop":{"background-color":"var(--ast-global-color-4)","background-image":"","background-repeat":"repeat","background-position":"center center","background-size":"auto","background-attachment":"scroll","background-type":"","background-media":"","overlay-type":"","overlay-color":"","overlay-opacity":"","overlay-gradient":""},"tablet":{"background-color":"","background-image":"","background-repeat":"repeat","background-position":"center center","background-size":"auto","background-attachment":"scroll","background-type":"","background-media":"","overlay-type":"","overlay-color":"","overlay-opacity":"","overlay-gradient":""},"mobile":{"background-color":"","background-image":"","background-repeat":"repeat","background-position":"center center","background-size":"auto","background-attachment":"scroll","background-type":"","background-media":"","overlay-type":"","overlay-color":"","overlay-opacity":"","overlay-gradient":""}},"ast-content-background-meta":{"desktop":{"background-color":"var(--ast-global-color-5)","background-image":"","background-repeat":"repeat","background-position":"center center","background-size":"auto","background-attachment":"scroll","background-type":"","background-media":"","overlay-type":"","overlay-color":"","overlay-opacity":"","overlay-gradient":""},"tablet":{"background-color":"var(--ast-global-color-5)","background-image":"","background-repeat":"repeat","background-position":"center center","background-size":"auto","background-attachment":"scroll","background-type":"","background-media":"","overlay-type":"","overlay-color":"","overlay-opacity":"","overlay-gradient":""},"mobile":{"background-color":"var(--ast-global-color-5)","background-image":"","background-repeat":"repeat","background-position":"center center","background-size":"auto","background-attachment":"scroll","background-type":"","background-media":"","overlay-type":"","overlay-color":"","overlay-opacity":"","overlay-gradient":""}},"footnotes":""},"categories":[54],"tags":[],"class_list":["post-2210","post","type-post","status-publish","format-standard","has-post-thumbnail","hentry","category-museum-de"],"yoast_head":"<!-- This site is optimized with the Yoast SEO plugin v24.2 - https:\/\/yoast.com\/wordpress\/plugins\/seo\/ -->\n<title>Maritimes und historisches Museum der kroatischen K\u00fcste Rijeka -<\/title>\n<meta name=\"robots\" content=\"noindex, follow, max-snippet:-1, max-image-preview:large, max-video-preview:-1\" \/>\n<meta property=\"og:locale\" content=\"de_DE\" \/>\n<meta property=\"og:type\" content=\"article\" \/>\n<meta property=\"og:title\" content=\"Maritimes und historisches Museum der kroatischen K\u00fcste Rijeka -\" \/>\n<meta property=\"og:description\" content=\"Maritimes und historisches Museum der kroatischen K\u00fcste Rijeka Das 1961 gegr\u00fcndete Maritime und Historische Museum des Kroatischen K\u00fcstenlandes verf\u00fcgt \u00fcber [&hellip;]\" \/>\n<meta property=\"og:url\" content=\"https:\/\/apartman-kim.com\/pomorski-i-povijesni-muzej-hrvatskog-primorja-rijeka\/\" \/>\n<meta property=\"article:published_time\" content=\"2024-10-11T14:00:39+00:00\" \/>\n<meta property=\"article:modified_time\" content=\"2024-12-03T10:49:53+00:00\" \/>\n<meta property=\"og:image\" content=\"https:\/\/apartman-kim.com\/wp-content\/uploads\/2024\/10\/PP-muzej-2-galerija-600x405-1.jpg\" \/>\n\t<meta property=\"og:image:width\" content=\"600\" \/>\n\t<meta property=\"og:image:height\" content=\"405\" \/>\n\t<meta property=\"og:image:type\" content=\"image\/jpeg\" \/>\n<meta name=\"author\" content=\"kimapp\" \/>\n<meta name=\"twitter:card\" content=\"summary_large_image\" \/>\n<meta name=\"twitter:label1\" content=\"Verfasst von\" \/>\n\t<meta name=\"twitter:data1\" content=\"kimapp\" \/>\n\t<meta name=\"twitter:label2\" content=\"Gesch\u00e4tzte Lesezeit\" \/>\n\t<meta name=\"twitter:data2\" content=\"1\u00a0Minute\" \/>\n<script type=\"application\/ld+json\" class=\"yoast-schema-graph\">{\"@context\":\"https:\/\/schema.org\",\"@graph\":[{\"@type\":\"Article\",\"@id\":\"https:\/\/apartman-kim.com\/pomorski-i-povijesni-muzej-hrvatskog-primorja-rijeka\/#article\",\"isPartOf\":{\"@id\":\"https:\/\/apartman-kim.com\/pomorski-i-povijesni-muzej-hrvatskog-primorja-rijeka\/\"},\"author\":{\"name\":\"kimapp\",\"@id\":\"https:\/\/apartman-kim.com\/#\/schema\/person\/b442551329df40bf4266c04747cb2bc4\"},\"headline\":\"Maritimes und historisches Museum der kroatischen K\u00fcste Rijeka\",\"datePublished\":\"2024-10-11T14:00:39+00:00\",\"dateModified\":\"2024-12-03T10:49:53+00:00\",\"mainEntityOfPage\":{\"@id\":\"https:\/\/apartman-kim.com\/pomorski-i-povijesni-muzej-hrvatskog-primorja-rijeka\/\"},\"wordCount\":225,\"commentCount\":0,\"publisher\":{\"@id\":\"https:\/\/apartman-kim.com\/#organization\"},\"image\":{\"@id\":\"https:\/\/apartman-kim.com\/pomorski-i-povijesni-muzej-hrvatskog-primorja-rijeka\/#primaryimage\"},\"thumbnailUrl\":\"https:\/\/apartman-kim.com\/wp-content\/uploads\/2024\/10\/PP-muzej-2-galerija-600x405-1.jpg\",\"articleSection\":[\"Museum\"],\"inLanguage\":\"de\",\"potentialAction\":[{\"@type\":\"CommentAction\",\"name\":\"Comment\",\"target\":[\"https:\/\/apartman-kim.com\/pomorski-i-povijesni-muzej-hrvatskog-primorja-rijeka\/#respond\"]}]},{\"@type\":\"WebPage\",\"@id\":\"https:\/\/apartman-kim.com\/pomorski-i-povijesni-muzej-hrvatskog-primorja-rijeka\/\",\"url\":\"https:\/\/apartman-kim.com\/pomorski-i-povijesni-muzej-hrvatskog-primorja-rijeka\/\",\"name\":\"Maritimes und historisches Museum der kroatischen K\u00fcste Rijeka -\",\"isPartOf\":{\"@id\":\"https:\/\/apartman-kim.com\/#website\"},\"primaryImageOfPage\":{\"@id\":\"https:\/\/apartman-kim.com\/pomorski-i-povijesni-muzej-hrvatskog-primorja-rijeka\/#primaryimage\"},\"image\":{\"@id\":\"https:\/\/apartman-kim.com\/pomorski-i-povijesni-muzej-hrvatskog-primorja-rijeka\/#primaryimage\"},\"thumbnailUrl\":\"https:\/\/apartman-kim.com\/wp-content\/uploads\/2024\/10\/PP-muzej-2-galerija-600x405-1.jpg\",\"datePublished\":\"2024-10-11T14:00:39+00:00\",\"dateModified\":\"2024-12-03T10:49:53+00:00\",\"breadcrumb\":{\"@id\":\"https:\/\/apartman-kim.com\/pomorski-i-povijesni-muzej-hrvatskog-primorja-rijeka\/#breadcrumb\"},\"inLanguage\":\"de\",\"potentialAction\":[{\"@type\":\"ReadAction\",\"target\":[\"https:\/\/apartman-kim.com\/pomorski-i-povijesni-muzej-hrvatskog-primorja-rijeka\/\"]}]},{\"@type\":\"ImageObject\",\"inLanguage\":\"de\",\"@id\":\"https:\/\/apartman-kim.com\/pomorski-i-povijesni-muzej-hrvatskog-primorja-rijeka\/#primaryimage\",\"url\":\"https:\/\/apartman-kim.com\/wp-content\/uploads\/2024\/10\/PP-muzej-2-galerija-600x405-1.jpg\",\"contentUrl\":\"https:\/\/apartman-kim.com\/wp-content\/uploads\/2024\/10\/PP-muzej-2-galerija-600x405-1.jpg\",\"width\":600,\"height\":405},{\"@type\":\"BreadcrumbList\",\"@id\":\"https:\/\/apartman-kim.com\/pomorski-i-povijesni-muzej-hrvatskog-primorja-rijeka\/#breadcrumb\",\"itemListElement\":[{\"@type\":\"ListItem\",\"position\":1,\"name\":\"Po\u010detna stranica\",\"item\":\"https:\/\/apartman-kim.com\/\"},{\"@type\":\"ListItem\",\"position\":2,\"name\":\"Maritimes und historisches Museum der kroatischen K\u00fcste Rijeka\"}]},{\"@type\":\"WebSite\",\"@id\":\"https:\/\/apartman-kim.com\/#website\",\"url\":\"https:\/\/apartman-kim.com\/\",\"name\":\"Apartman Kim\",\"description\":\"Apartman Kim\",\"publisher\":{\"@id\":\"https:\/\/apartman-kim.com\/#organization\"},\"potentialAction\":[{\"@type\":\"SearchAction\",\"target\":{\"@type\":\"EntryPoint\",\"urlTemplate\":\"https:\/\/apartman-kim.com\/?s={search_term_string}\"},\"query-input\":{\"@type\":\"PropertyValueSpecification\",\"valueRequired\":true,\"valueName\":\"search_term_string\"}}],\"inLanguage\":\"de\"},{\"@type\":\"Organization\",\"@id\":\"https:\/\/apartman-kim.com\/#organization\",\"name\":\"Apartman Kim\",\"url\":\"https:\/\/apartman-kim.com\/\",\"logo\":{\"@type\":\"ImageObject\",\"inLanguage\":\"de\",\"@id\":\"https:\/\/apartman-kim.com\/#\/schema\/logo\/image\/\",\"url\":\"https:\/\/apartman-kim.com\/wp-content\/uploads\/2025\/02\/cropped-Untitled-design.png\",\"contentUrl\":\"https:\/\/apartman-kim.com\/wp-content\/uploads\/2025\/02\/cropped-Untitled-design.png\",\"width\":544,\"height\":347,\"caption\":\"Apartman Kim\"},\"image\":{\"@id\":\"https:\/\/apartman-kim.com\/#\/schema\/logo\/image\/\"}},{\"@type\":\"Person\",\"@id\":\"https:\/\/apartman-kim.com\/#\/schema\/person\/b442551329df40bf4266c04747cb2bc4\",\"name\":\"kimapp\",\"image\":{\"@type\":\"ImageObject\",\"inLanguage\":\"de\",\"@id\":\"https:\/\/apartman-kim.com\/#\/schema\/person\/image\/\",\"url\":\"https:\/\/secure.gravatar.com\/avatar\/cbfdab63f656365d812d9f66bd24c94a32ec62ae4c175ec9a0bb5a531c6e3a31?s=96&d=mm&r=g\",\"contentUrl\":\"https:\/\/secure.gravatar.com\/avatar\/cbfdab63f656365d812d9f66bd24c94a32ec62ae4c175ec9a0bb5a531c6e3a31?s=96&d=mm&r=g\",\"caption\":\"kimapp\"},\"sameAs\":[\"https:\/\/apartman-kim.com\"],\"url\":\"https:\/\/apartman-kim.com\/de\/author\/kimapp\/\"}]}<\/script>\n<!-- \/ Yoast SEO plugin. -->","yoast_head_json":{"title":"Maritimes und historisches Museum der kroatischen K\u00fcste Rijeka -","robots":{"index":"noindex","follow":"follow","max-snippet":"max-snippet:-1","max-image-preview":"max-image-preview:large","max-video-preview":"max-video-preview:-1"},"og_locale":"de_DE","og_type":"article","og_title":"Maritimes und historisches Museum der kroatischen K\u00fcste Rijeka -","og_description":"Maritimes und historisches Museum der kroatischen K\u00fcste Rijeka Das 1961 gegr\u00fcndete Maritime und Historische Museum des Kroatischen K\u00fcstenlandes verf\u00fcgt \u00fcber [&hellip;]","og_url":"https:\/\/apartman-kim.com\/pomorski-i-povijesni-muzej-hrvatskog-primorja-rijeka\/","article_published_time":"2024-10-11T14:00:39+00:00","article_modified_time":"2024-12-03T10:49:53+00:00","og_image":[{"width":600,"height":405,"url":"https:\/\/apartman-kim.com\/wp-content\/uploads\/2024\/10\/PP-muzej-2-galerija-600x405-1.jpg","type":"image\/jpeg"}],"author":"kimapp","twitter_card":"summary_large_image","twitter_misc":{"Verfasst von":"kimapp","Gesch\u00e4tzte Lesezeit":"1\u00a0Minute"},"schema":{"@context":"https:\/\/schema.org","@graph":[{"@type":"Article","@id":"https:\/\/apartman-kim.com\/pomorski-i-povijesni-muzej-hrvatskog-primorja-rijeka\/#article","isPartOf":{"@id":"https:\/\/apartman-kim.com\/pomorski-i-povijesni-muzej-hrvatskog-primorja-rijeka\/"},"author":{"name":"kimapp","@id":"https:\/\/apartman-kim.com\/#\/schema\/person\/b442551329df40bf4266c04747cb2bc4"},"headline":"Maritimes und historisches Museum der kroatischen K\u00fcste Rijeka","datePublished":"2024-10-11T14:00:39+00:00","dateModified":"2024-12-03T10:49:53+00:00","mainEntityOfPage":{"@id":"https:\/\/apartman-kim.com\/pomorski-i-povijesni-muzej-hrvatskog-primorja-rijeka\/"},"wordCount":225,"commentCount":0,"publisher":{"@id":"https:\/\/apartman-kim.com\/#organization"},"image":{"@id":"https:\/\/apartman-kim.com\/pomorski-i-povijesni-muzej-hrvatskog-primorja-rijeka\/#primaryimage"},"thumbnailUrl":"https:\/\/apartman-kim.com\/wp-content\/uploads\/2024\/10\/PP-muzej-2-galerija-600x405-1.jpg","articleSection":["Museum"],"inLanguage":"de","potentialAction":[{"@type":"CommentAction","name":"Comment","target":["https:\/\/apartman-kim.com\/pomorski-i-povijesni-muzej-hrvatskog-primorja-rijeka\/#respond"]}]},{"@type":"WebPage","@id":"https:\/\/apartman-kim.com\/pomorski-i-povijesni-muzej-hrvatskog-primorja-rijeka\/","url":"https:\/\/apartman-kim.com\/pomorski-i-povijesni-muzej-hrvatskog-primorja-rijeka\/","name":"Maritimes und historisches Museum der kroatischen K\u00fcste Rijeka -","isPartOf":{"@id":"https:\/\/apartman-kim.com\/#website"},"primaryImageOfPage":{"@id":"https:\/\/apartman-kim.com\/pomorski-i-povijesni-muzej-hrvatskog-primorja-rijeka\/#primaryimage"},"image":{"@id":"https:\/\/apartman-kim.com\/pomorski-i-povijesni-muzej-hrvatskog-primorja-rijeka\/#primaryimage"},"thumbnailUrl":"https:\/\/apartman-kim.com\/wp-content\/uploads\/2024\/10\/PP-muzej-2-galerija-600x405-1.jpg","datePublished":"2024-10-11T14:00:39+00:00","dateModified":"2024-12-03T10:49:53+00:00","breadcrumb":{"@id":"https:\/\/apartman-kim.com\/pomorski-i-povijesni-muzej-hrvatskog-primorja-rijeka\/#breadcrumb"},"inLanguage":"de","potentialAction":[{"@type":"ReadAction","target":["https:\/\/apartman-kim.com\/pomorski-i-povijesni-muzej-hrvatskog-primorja-rijeka\/"]}]},{"@type":"ImageObject","inLanguage":"de","@id":"https:\/\/apartman-kim.com\/pomorski-i-povijesni-muzej-hrvatskog-primorja-rijeka\/#primaryimage","url":"https:\/\/apartman-kim.com\/wp-content\/uploads\/2024\/10\/PP-muzej-2-galerija-600x405-1.jpg","contentUrl":"https:\/\/apartman-kim.com\/wp-content\/uploads\/2024\/10\/PP-muzej-2-galerija-600x405-1.jpg","width":600,"height":405},{"@type":"BreadcrumbList","@id":"https:\/\/apartman-kim.com\/pomorski-i-povijesni-muzej-hrvatskog-primorja-rijeka\/#breadcrumb","itemListElement":[{"@type":"ListItem","position":1,"name":"Po\u010detna stranica","item":"https:\/\/apartman-kim.com\/"},{"@type":"ListItem","position":2,"name":"Maritimes und historisches Museum der kroatischen K\u00fcste Rijeka"}]},{"@type":"WebSite","@id":"https:\/\/apartman-kim.com\/#website","url":"https:\/\/apartman-kim.com\/","name":"Apartman Kim","description":"Apartman Kim","publisher":{"@id":"https:\/\/apartman-kim.com\/#organization"},"potentialAction":[{"@type":"SearchAction","target":{"@type":"EntryPoint","urlTemplate":"https:\/\/apartman-kim.com\/?s={search_term_string}"},"query-input":{"@type":"PropertyValueSpecification","valueRequired":true,"valueName":"search_term_string"}}],"inLanguage":"de"},{"@type":"Organization","@id":"https:\/\/apartman-kim.com\/#organization","name":"Apartman Kim","url":"https:\/\/apartman-kim.com\/","logo":{"@type":"ImageObject","inLanguage":"de","@id":"https:\/\/apartman-kim.com\/#\/schema\/logo\/image\/","url":"https:\/\/apartman-kim.com\/wp-content\/uploads\/2025\/02\/cropped-Untitled-design.png","contentUrl":"https:\/\/apartman-kim.com\/wp-content\/uploads\/2025\/02\/cropped-Untitled-design.png","width":544,"height":347,"caption":"Apartman Kim"},"image":{"@id":"https:\/\/apartman-kim.com\/#\/schema\/logo\/image\/"}},{"@type":"Person","@id":"https:\/\/apartman-kim.com\/#\/schema\/person\/b442551329df40bf4266c04747cb2bc4","name":"kimapp","image":{"@type":"ImageObject","inLanguage":"de","@id":"https:\/\/apartman-kim.com\/#\/schema\/person\/image\/","url":"https:\/\/secure.gravatar.com\/avatar\/cbfdab63f656365d812d9f66bd24c94a32ec62ae4c175ec9a0bb5a531c6e3a31?s=96&d=mm&r=g","contentUrl":"https:\/\/secure.gravatar.com\/avatar\/cbfdab63f656365d812d9f66bd24c94a32ec62ae4c175ec9a0bb5a531c6e3a31?s=96&d=mm&r=g","caption":"kimapp"},"sameAs":["https:\/\/apartman-kim.com"],"url":"https:\/\/apartman-kim.com\/de\/author\/kimapp\/"}]}},"_links":{"self":[{"href":"https:\/\/apartman-kim.com\/de\/wp-json\/wp\/v2\/posts\/2210","targetHints":{"allow":["GET"]}}],"collection":[{"href":"https:\/\/apartman-kim.com\/de\/wp-json\/wp\/v2\/posts"}],"about":[{"href":"https:\/\/apartman-kim.com\/de\/wp-json\/wp\/v2\/types\/post"}],"author":[{"embeddable":true,"href":"https:\/\/apartman-kim.com\/de\/wp-json\/wp\/v2\/users\/1"}],"replies":[{"embeddable":true,"href":"https:\/\/apartman-kim.com\/de\/wp-json\/wp\/v2\/comments?post=2210"}],"version-history":[{"count":1,"href":"https:\/\/apartman-kim.com\/de\/wp-json\/wp\/v2\/posts\/2210\/revisions"}],"predecessor-version":[{"id":2211,"href":"https:\/\/apartman-kim.com\/de\/wp-json\/wp\/v2\/posts\/2210\/revisions\/2211"}],"wp:featuredmedia":[{"embeddable":true,"href":"https:\/\/apartman-kim.com\/de\/wp-json\/wp\/v2\/media\/1876"}],"wp:attachment":[{"href":"https:\/\/apartman-kim.com\/de\/wp-json\/wp\/v2\/media?parent=2210"}],"wp:term":[{"taxonomy":"category","embeddable":true,"href":"https:\/\/apartman-kim.com\/de\/wp-json\/wp\/v2\/categories?post=2210"},{"taxonomy":"post_tag","embeddable":true,"href":"https:\/\/apartman-kim.com\/de\/wp-json\/wp\/v2\/tags?post=2210"}],"curies":[{"name":"wp","href":"https:\/\/api.w.org\/{rel}","templated":true}]}}